{"id":1626,"date":"2018-07-19T21:42:42","date_gmt":"2018-07-20T00:42:42","guid":{"rendered":"http:\/\/ultramarathon.com.br\/principal\/?p=1626"},"modified":"2018-07-17T21:52:32","modified_gmt":"2018-07-18T00:52:32","slug":"ultramaratona-de-rua-brazil-135-expofeira-macapa-25-de-agosto-de-2018","status":"publish","type":"post","link":"https:\/\/ultramarathon.com.br\/principal\/ultramaratona-de-rua-brazil-135-expofeira-macapa-25-de-agosto-de-2018\/","title":{"rendered":"ULTRAMARATONA DE RUA BRAZIL 135 &#8211; EXPOFEIRA MACAP\u00c1 &#8211; 25 de Agosto de 2018"},"content":{"rendered":"<p><a href=\"\/\/adidas-brazil.sjv.io\/c\/1263964\/461480\/7823\"><noscript><img decoding=\"async\" src=\"\/\/a.impactradius-go.com\/display-ad\/7823-461480\" border=\"0\" alt width=\"468\" height=\"60\"><\/noscript><img decoding=\"async\" src=\"data:image\/svg+xml,%3Csvg%20xmlns%3D%22http%3A%2F%2Fwww.w3.org%2F2000%2Fsvg%22%20viewBox%3D%220%200%20468%2060%22%3E%3C%2Fsvg%3E\" border=\"0\" alt width=\"468\" height=\"60\" data-src=\"\/\/a.impactradius-go.com\/display-ad\/7823-461480\" class=\" lazyload\"><\/a><noscript><img decoding=\"async\" height=\"0\" width=\"0\" src=\"\/\/adidas-brazil.sjv.io\/i\/1263964\/461480\/7823\" style=\"position:absolute;visibility:hidden;\" border=\"0\"><\/noscript><img decoding=\"async\" height=\"0\" width=\"0\" src=\"data:image\/svg+xml,%3Csvg%20xmlns%3D%22http%3A%2F%2Fwww.w3.org%2F2000%2Fsvg%22%20viewBox%3D%220%200%200%200%22%3E%3C%2Fsvg%3E\" style=\"position:absolute;visibility:hidden;\" border=\"0\" data-src=\"\/\/adidas-brazil.sjv.io\/i\/1263964\/461480\/7823\" class=\" lazyload\"><br><a href=\"http:\/\/ultramarathon.com.br\/principal\/wp-content\/uploads\/2018\/07\/Macap\u00e1-2.jpg\"><noscript><img decoding=\"async\" class=\"alignnone size-large wp-image-1627\" src=\"http:\/\/ultramarathon.com.br\/principal\/wp-content\/uploads\/2018\/07\/Macap\u00e1-2-1024x576.jpg\" alt width=\"860\" height=\"484\" srcset=\"https:\/\/ultramarathon.com.br\/principal\/wp-content\/uploads\/2018\/07\/Macap\u00e1-2-1024x576.jpg 1024w, https:\/\/ultramarathon.com.br\/principal\/wp-content\/uploads\/2018\/07\/Macap\u00e1-2-300x169.jpg 300w, https:\/\/ultramarathon.com.br\/principal\/wp-content\/uploads\/2018\/07\/Macap\u00e1-2-768x432.jpg 768w, https:\/\/ultramarathon.com.br\/principal\/wp-content\/uploads\/2018\/07\/Macap\u00e1-2-600x338.jpg 600w, https:\/\/ultramarathon.com.br\/principal\/wp-content\/uploads\/2018\/07\/Macap\u00e1-2.jpg 1200w\" sizes=\"(max-width: 860px) 100vw, 860px\"><\/noscript><img decoding=\"async\" class=\"alignnone size-large wp-image-1627 lazyload\" src=\"data:image\/svg+xml,%3Csvg%20xmlns%3D%22http%3A%2F%2Fwww.w3.org%2F2000%2Fsvg%22%20viewBox%3D%220%200%20860%20484%22%3E%3C%2Fsvg%3E\" alt width=\"860\" height=\"484\" srcset=\"data:image\/svg+xml,%3Csvg%20xmlns%3D%22http%3A%2F%2Fwww.w3.org%2F2000%2Fsvg%22%20viewBox%3D%220%200%20860%20484%22%3E%3C%2Fsvg%3E 860w\" sizes=\"(max-width: 860px) 100vw, 860px\" data-srcset=\"https:\/\/ultramarathon.com.br\/principal\/wp-content\/uploads\/2018\/07\/Macap\u00e1-2-1024x576.jpg 1024w, https:\/\/ultramarathon.com.br\/principal\/wp-content\/uploads\/2018\/07\/Macap\u00e1-2-300x169.jpg 300w, https:\/\/ultramarathon.com.br\/principal\/wp-content\/uploads\/2018\/07\/Macap\u00e1-2-768x432.jpg 768w, https:\/\/ultramarathon.com.br\/principal\/wp-content\/uploads\/2018\/07\/Macap\u00e1-2-600x338.jpg 600w, https:\/\/ultramarathon.com.br\/principal\/wp-content\/uploads\/2018\/07\/Macap\u00e1-2.jpg 1200w\" data-src=\"http:\/\/ultramarathon.com.br\/principal\/wp-content\/uploads\/2018\/07\/Macap\u00e1-2-1024x576.jpg\"><\/a><br>\nAs provas que comp\u00f5em o evento ULTRAMARATONA DE RUA BRAZIL 135 &#8211; EXPOFEIRA MACAP\u00c1 ser\u00e3o realizadas no dia 25 de Agosto de 2018, na cidade de Macap\u00e1, com qualquer condi\u00e7\u00e3o clim\u00e1tica, tendo a participa\u00e7\u00e3o de atletas regularmente inscritos de ambos os sexos, ficando sua largadas acontecendo da seguinte forma:<br>\nLargada: Parque de Exposi\u00e7\u00e3o Agropecu\u00e1ria Expofeira &#8211; Rod Juscelino Kubitschek, Distrito de Fazendinha, Macap\u00e1, AP, \u00e0s 7h00<\/p>\n<div>SOLO e RELAY CORPORATIVO (Revezamento), s\u00e3o as \u00fanicas categorias existentes na Ultramaratona de Rua BR135.<\/div>\n<div>N\u00e3o haver\u00e1 distin\u00e7\u00e3o entre categorias de atletas por sexo ou faixa et\u00e1ria.<\/div>\n<div>Cadeirantes, Cegos, Amputados e quaiser ouras classifica\u00e7\u00f5es existentes de atletas, n\u00e3o definidas aqui, participantes da Ultramaratona de Rua Brazil 135, s\u00e3o considerados ultramaratonistas.<\/div>\n<div>TODOS os ultramaratonistas ser\u00e3o tratados igualmente.<\/div>\n<div>N\u00e3o haver\u00e1 nenhum tipo de Pontos de Apoio ao longo do percurso.<\/div>\n<div>O apoio aos atletas ser\u00e1 dado somente no Ponto de Concentra\u00e7\u00e3o da Prova (PC)<\/div>\n<div>O atleta deve estar preparado para ser AUTO SUFICIENTE ao longo do percurso.<\/div>\n<div>N\u00e3o haver\u00e1 entrega de Trof\u00e9us e nenhuma outra forma de premia\u00e7\u00e3o diferentes daquelas contantes do item 9 do regulamento.<\/div>\n<div><\/div>\n<div>Solo 5K<br>\nSolo 10K<br>\nSolo 20K<br>\nSolo 40K<br>\nSolo 80K \u2013 PROVA CLASSIFICAT\u00d3RIA PARA A BR135<br>\nRelay Corporativo 20 &#8211; 4 atletas (1 volta de 5K por atleta )<br>\nRelay Corporativo 40 &#8211; 4 atletas (2 voltas de 5K por atleta)<br>\nRelay Corporativo 80 &#8211; 4 atletas (4 voltas de 5K por atleta)<\/div>\n<div><\/div>\n<div>\n<div>A prova est\u00e1&nbsp; com inscri\u00e7\u00e3o aberta nos seguintes sites:<\/div>\n<div><\/div>\n<div><a href=\"http:\/\/www.minhasinscricoes.com.br\/\" target=\"_blank\" rel=\"noopener\" data-saferedirecturl=\"https:\/\/www.google.com\/url?hl=pt-BR&amp;q=http:\/\/www.minhasinscricoes.com.br&amp;source=gmail&amp;ust=1531958706313000&amp;usg=AFQjCNHAssdY3CMNsnQ-zEwJBzXVs6ZfkA\">www.minhasinscricoes.com.br<\/a><\/div>\n<div><a href=\"http:\/\/www.ticketagora.com.br\/\" target=\"_blank\" rel=\"noopener\" data-saferedirecturl=\"https:\/\/www.google.com\/url?hl=pt-BR&amp;q=http:\/\/www.ticketagora.com.br&amp;source=gmail&amp;ust=1531958706313000&amp;usg=AFQjCNHBDU2dWLkmyqDLWEM0BH3qGeYuKw\">www.ticketagora.com.br<\/a><\/div>\n<div><a href=\"http:\/\/www.centraldacorrida.com.br\/\" target=\"_blank\" rel=\"noopener\" data-saferedirecturl=\"https:\/\/www.google.com\/url?hl=pt-BR&amp;q=http:\/\/www.centraldacorrida.com.br&amp;source=gmail&amp;ust=1531958706313000&amp;usg=AFQjCNH3PL7fuQAXFm0j2jufVodz-Y0QgQ\">www.centraldacorrida.com.br<\/a><\/div>\n<\/div>\n<div><\/div>\n<p><br><br><a href=\"\/\/adidas-brazil.sjv.io\/c\/1263964\/469765\/7823\"><noscript><img decoding=\"async\" src=\"\/\/a.impactradius-go.com\/display-ad\/7823-469765\" border=\"0\" alt width=\"468\" height=\"280\"><\/noscript><img decoding=\"async\" src=\"data:image\/svg+xml,%3Csvg%20xmlns%3D%22http%3A%2F%2Fwww.w3.org%2F2000%2Fsvg%22%20viewBox%3D%220%200%20468%20280%22%3E%3C%2Fsvg%3E\" border=\"0\" alt width=\"468\" height=\"280\" data-src=\"\/\/a.impactradius-go.com\/display-ad\/7823-469765\" class=\" lazyload\"><\/a><noscript><img decoding=\"async\" height=\"0\" width=\"0\" src=\"\/\/adidas-brazil.sjv.io\/i\/1263964\/469765\/7823\" style=\"position:absolute;visibility:hidden;\" border=\"0\"><\/noscript><img decoding=\"async\" height=\"0\" width=\"0\" src=\"data:image\/svg+xml,%3Csvg%20xmlns%3D%22http%3A%2F%2Fwww.w3.org%2F2000%2Fsvg%22%20viewBox%3D%220%200%200%200%22%3E%3C%2Fsvg%3E\" style=\"position:absolute;visibility:hidden;\" border=\"0\" data-src=\"\/\/adidas-brazil.sjv.io\/i\/1263964\/469765\/7823\" class=\" lazyload\"><\/p>\n","protected":false},"excerpt":{"rendered":"<p>As provas que comp\u00f5em o evento ULTRAMARATONA DE RUA BRAZIL 135 &#8211; EXPOFEIRA MACAP\u00c1 ser\u00e3o realizadas no dia 25 de Agosto de 2018, na cidade de Macap\u00e1, com qualquer condi\u00e7\u00e3o clim\u00e1tica, tendo a participa\u00e7\u00e3o de atletas regularmente inscritos de ambos os sexos, ficando sua largadas acontecendo da seguinte forma: Largada: Parque de Exposi\u00e7\u00e3o Agropecu\u00e1ria Expofeira &#8211; Rod Juscelino Kubitschek, Distrito<\/p>\n","protected":false},"author":1,"featured_media":0,"comment_status":"open","ping_status":"open","sticky":false,"template":"","format":"standard","meta":{"footnotes":""},"categories":[255,599,355,182,67,10],"tags":[873,874,872],"class_list":["post-1626","post","type-post","status-publish","format-standard","hentry","category-80-km","category-agosto","category-br135","category-brasil","category-ultramarathon","category-ultramaratona","tag-expofeira","tag-macapa","tag-ultramaratona-de-rua-brazil-135"],"yoast_head":"<!-- This site is optimized with the Yoast SEO plugin v20.6 - https:\/\/yoast.com\/wordpress\/plugins\/seo\/ -->\n<title>ULTRAMARATONA DE RUA BRAZIL 135 - EXPOFEIRA MACAP\u00c1 - 25 de Agosto de 2018 - Ultramarathon Guide<\/title>\n<meta name=\"robots\" content=\"index, follow, max-snippet:-1, max-image-preview:large, max-video-preview:-1\" \/>\n<link rel=\"canonical\" href=\"https:\/\/ultramarathon.com.br\/principal\/ultramaratona-de-rua-brazil-135-expofeira-macapa-25-de-agosto-de-2018\/\" \/>\n<meta property=\"og:locale\" content=\"pt_BR\" \/>\n<meta property=\"og:type\" content=\"article\" \/>\n<meta property=\"og:title\" content=\"ULTRAMARATONA DE RUA BRAZIL 135 - EXPOFEIRA MACAP\u00c1 - 25 de Agosto de 2018 - Ultramarathon Guide\" \/>\n<meta property=\"og:description\" content=\"As provas que comp\u00f5em o evento ULTRAMARATONA DE RUA BRAZIL 135 &#8211; EXPOFEIRA MACAP\u00c1 ser\u00e3o realizadas no dia 25 de Agosto de 2018, na cidade de Macap\u00e1, com qualquer condi\u00e7\u00e3o clim\u00e1tica, tendo a participa\u00e7\u00e3o de atletas regularmente inscritos de ambos os sexos, ficando sua largadas acontecendo da seguinte forma: Largada: Parque de Exposi\u00e7\u00e3o Agropecu\u00e1ria Expofeira &#8211; Rod Juscelino Kubitschek, Distrito\" \/>\n<meta property=\"og:url\" content=\"https:\/\/ultramarathon.com.br\/principal\/ultramaratona-de-rua-brazil-135-expofeira-macapa-25-de-agosto-de-2018\/\" \/>\n<meta property=\"og:site_name\" content=\"Ultramarathon Guide\" \/>\n<meta property=\"article:publisher\" content=\"http:\/\/edsoncavalcantesp\" \/>\n<meta property=\"article:published_time\" content=\"2018-07-20T00:42:42+00:00\" \/>\n<meta property=\"article:modified_time\" content=\"2018-07-18T00:52:32+00:00\" \/>\n<meta name=\"author\" content=\"edsonsp\" \/>\n<meta name=\"twitter:card\" content=\"summary_large_image\" \/>\n<meta name=\"twitter:creator\" content=\"@edsoncavalcante\" \/>\n<meta name=\"twitter:site\" content=\"@edsoncavalcante\" \/>\n<meta name=\"twitter:label1\" content=\"Escrito por\" \/>\n\t<meta name=\"twitter:data1\" content=\"edsonsp\" \/>\n\t<meta name=\"twitter:label2\" content=\"Est. tempo de leitura\" \/>\n\t<meta name=\"twitter:data2\" content=\"1 minuto\" \/>\n<script type=\"application\/ld+json\" class=\"yoast-schema-graph\">{\"@context\":\"https:\/\/schema.org\",\"@graph\":[{\"@type\":\"WebPage\",\"@id\":\"https:\/\/ultramarathon.com.br\/principal\/ultramaratona-de-rua-brazil-135-expofeira-macapa-25-de-agosto-de-2018\/\",\"url\":\"https:\/\/ultramarathon.com.br\/principal\/ultramaratona-de-rua-brazil-135-expofeira-macapa-25-de-agosto-de-2018\/\",\"name\":\"ULTRAMARATONA DE RUA BRAZIL 135 - EXPOFEIRA MACAP\u00c1 - 25 de Agosto de 2018 - Ultramarathon Guide\",\"isPartOf\":{\"@id\":\"http:\/\/ultramarathon.com.br\/principal\/#website\"},\"datePublished\":\"2018-07-20T00:42:42+00:00\",\"dateModified\":\"2018-07-18T00:52:32+00:00\",\"author\":{\"@id\":\"http:\/\/ultramarathon.com.br\/principal\/#\/schema\/person\/8fcdb5b7d611985826039282a45c86ba\"},\"breadcrumb\":{\"@id\":\"https:\/\/ultramarathon.com.br\/principal\/ultramaratona-de-rua-brazil-135-expofeira-macapa-25-de-agosto-de-2018\/#breadcrumb\"},\"inLanguage\":\"pt-BR\",\"potentialAction\":[{\"@type\":\"ReadAction\",\"target\":[\"https:\/\/ultramarathon.com.br\/principal\/ultramaratona-de-rua-brazil-135-expofeira-macapa-25-de-agosto-de-2018\/\"]}]},{\"@type\":\"BreadcrumbList\",\"@id\":\"https:\/\/ultramarathon.com.br\/principal\/ultramaratona-de-rua-brazil-135-expofeira-macapa-25-de-agosto-de-2018\/#breadcrumb\",\"itemListElement\":[{\"@type\":\"ListItem\",\"position\":1,\"name\":\"In\u00edcio\",\"item\":\"http:\/\/ultramarathon.com.br\/principal\/\"},{\"@type\":\"ListItem\",\"position\":2,\"name\":\"ULTRAMARATONA DE RUA BRAZIL 135 &#8211; EXPOFEIRA MACAP\u00c1 &#8211; 25 de Agosto de 2018\"}]},{\"@type\":\"WebSite\",\"@id\":\"http:\/\/ultramarathon.com.br\/principal\/#website\",\"url\":\"http:\/\/ultramarathon.com.br\/principal\/\",\"name\":\"Ultramarathon Guide\",\"description\":\"ultramaratonas\",\"potentialAction\":[{\"@type\":\"SearchAction\",\"target\":{\"@type\":\"EntryPoint\",\"urlTemplate\":\"http:\/\/ultramarathon.com.br\/principal\/?s={search_term_string}\"},\"query-input\":\"required name=search_term_string\"}],\"inLanguage\":\"pt-BR\"},{\"@type\":\"Person\",\"@id\":\"http:\/\/ultramarathon.com.br\/principal\/#\/schema\/person\/8fcdb5b7d611985826039282a45c86ba\",\"name\":\"edsonsp\",\"image\":{\"@type\":\"ImageObject\",\"inLanguage\":\"pt-BR\",\"@id\":\"http:\/\/ultramarathon.com.br\/principal\/#\/schema\/person\/image\/\",\"url\":\"https:\/\/secure.gravatar.com\/avatar\/0d2d9bb5cca1375cecb8f83179abac3a7c10ce502e81bddfa1c824d80be47e12?s=96&d=mm&r=g\",\"contentUrl\":\"https:\/\/secure.gravatar.com\/avatar\/0d2d9bb5cca1375cecb8f83179abac3a7c10ce502e81bddfa1c824d80be47e12?s=96&d=mm&r=g\",\"caption\":\"edsonsp\"}}]}<\/script>\n<!-- \/ Yoast SEO plugin. -->","yoast_head_json":{"title":"ULTRAMARATONA DE RUA BRAZIL 135 - EXPOFEIRA MACAP\u00c1 - 25 de Agosto de 2018 - Ultramarathon Guide","robots":{"index":"index","follow":"follow","max-snippet":"max-snippet:-1","max-image-preview":"max-image-preview:large","max-video-preview":"max-video-preview:-1"},"canonical":"https:\/\/ultramarathon.com.br\/principal\/ultramaratona-de-rua-brazil-135-expofeira-macapa-25-de-agosto-de-2018\/","og_locale":"pt_BR","og_type":"article","og_title":"ULTRAMARATONA DE RUA BRAZIL 135 - EXPOFEIRA MACAP\u00c1 - 25 de Agosto de 2018 - Ultramarathon Guide","og_description":"As provas que comp\u00f5em o evento ULTRAMARATONA DE RUA BRAZIL 135 &#8211; EXPOFEIRA MACAP\u00c1 ser\u00e3o realizadas no dia 25 de Agosto de 2018, na cidade de Macap\u00e1, com qualquer condi\u00e7\u00e3o clim\u00e1tica, tendo a participa\u00e7\u00e3o de atletas regularmente inscritos de ambos os sexos, ficando sua largadas acontecendo da seguinte forma: Largada: Parque de Exposi\u00e7\u00e3o Agropecu\u00e1ria Expofeira &#8211; Rod Juscelino Kubitschek, Distrito","og_url":"https:\/\/ultramarathon.com.br\/principal\/ultramaratona-de-rua-brazil-135-expofeira-macapa-25-de-agosto-de-2018\/","og_site_name":"Ultramarathon Guide","article_publisher":"http:\/\/edsoncavalcantesp","article_published_time":"2018-07-20T00:42:42+00:00","article_modified_time":"2018-07-18T00:52:32+00:00","author":"edsonsp","twitter_card":"summary_large_image","twitter_creator":"@edsoncavalcante","twitter_site":"@edsoncavalcante","twitter_misc":{"Escrito por":"edsonsp","Est. tempo de leitura":"1 minuto"},"schema":{"@context":"https:\/\/schema.org","@graph":[{"@type":"WebPage","@id":"https:\/\/ultramarathon.com.br\/principal\/ultramaratona-de-rua-brazil-135-expofeira-macapa-25-de-agosto-de-2018\/","url":"https:\/\/ultramarathon.com.br\/principal\/ultramaratona-de-rua-brazil-135-expofeira-macapa-25-de-agosto-de-2018\/","name":"ULTRAMARATONA DE RUA BRAZIL 135 - EXPOFEIRA MACAP\u00c1 - 25 de Agosto de 2018 - Ultramarathon Guide","isPartOf":{"@id":"http:\/\/ultramarathon.com.br\/principal\/#website"},"datePublished":"2018-07-20T00:42:42+00:00","dateModified":"2018-07-18T00:52:32+00:00","author":{"@id":"http:\/\/ultramarathon.com.br\/principal\/#\/schema\/person\/8fcdb5b7d611985826039282a45c86ba"},"breadcrumb":{"@id":"https:\/\/ultramarathon.com.br\/principal\/ultramaratona-de-rua-brazil-135-expofeira-macapa-25-de-agosto-de-2018\/#breadcrumb"},"inLanguage":"pt-BR","potentialAction":[{"@type":"ReadAction","target":["https:\/\/ultramarathon.com.br\/principal\/ultramaratona-de-rua-brazil-135-expofeira-macapa-25-de-agosto-de-2018\/"]}]},{"@type":"BreadcrumbList","@id":"https:\/\/ultramarathon.com.br\/principal\/ultramaratona-de-rua-brazil-135-expofeira-macapa-25-de-agosto-de-2018\/#breadcrumb","itemListElement":[{"@type":"ListItem","position":1,"name":"In\u00edcio","item":"http:\/\/ultramarathon.com.br\/principal\/"},{"@type":"ListItem","position":2,"name":"ULTRAMARATONA DE RUA BRAZIL 135 &#8211; EXPOFEIRA MACAP\u00c1 &#8211; 25 de Agosto de 2018"}]},{"@type":"WebSite","@id":"http:\/\/ultramarathon.com.br\/principal\/#website","url":"http:\/\/ultramarathon.com.br\/principal\/","name":"Ultramarathon Guide","description":"ultramaratonas","potentialAction":[{"@type":"SearchAction","target":{"@type":"EntryPoint","urlTemplate":"http:\/\/ultramarathon.com.br\/principal\/?s={search_term_string}"},"query-input":"required name=search_term_string"}],"inLanguage":"pt-BR"},{"@type":"Person","@id":"http:\/\/ultramarathon.com.br\/principal\/#\/schema\/person\/8fcdb5b7d611985826039282a45c86ba","name":"edsonsp","image":{"@type":"ImageObject","inLanguage":"pt-BR","@id":"http:\/\/ultramarathon.com.br\/principal\/#\/schema\/person\/image\/","url":"https:\/\/secure.gravatar.com\/avatar\/0d2d9bb5cca1375cecb8f83179abac3a7c10ce502e81bddfa1c824d80be47e12?s=96&d=mm&r=g","contentUrl":"https:\/\/secure.gravatar.com\/avatar\/0d2d9bb5cca1375cecb8f83179abac3a7c10ce502e81bddfa1c824d80be47e12?s=96&d=mm&r=g","caption":"edsonsp"}}]}},"_links":{"self":[{"href":"https:\/\/ultramarathon.com.br\/principal\/wp-json\/wp\/v2\/posts\/1626","targetHints":{"allow":["GET"]}}],"collection":[{"href":"https:\/\/ultramarathon.com.br\/principal\/wp-json\/wp\/v2\/posts"}],"about":[{"href":"https:\/\/ultramarathon.com.br\/principal\/wp-json\/wp\/v2\/types\/post"}],"author":[{"embeddable":true,"href":"https:\/\/ultramarathon.com.br\/principal\/wp-json\/wp\/v2\/users\/1"}],"replies":[{"embeddable":true,"href":"https:\/\/ultramarathon.com.br\/principal\/wp-json\/wp\/v2\/comments?post=1626"}],"version-history":[{"count":3,"href":"https:\/\/ultramarathon.com.br\/principal\/wp-json\/wp\/v2\/posts\/1626\/revisions"}],"predecessor-version":[{"id":1630,"href":"https:\/\/ultramarathon.com.br\/principal\/wp-json\/wp\/v2\/posts\/1626\/revisions\/1630"}],"wp:attachment":[{"href":"https:\/\/ultramarathon.com.br\/principal\/wp-json\/wp\/v2\/media?parent=1626"}],"wp:term":[{"taxonomy":"category","embeddable":true,"href":"https:\/\/ultramarathon.com.br\/principal\/wp-json\/wp\/v2\/categories?post=1626"},{"taxonomy":"post_tag","embeddable":true,"href":"https:\/\/ultramarathon.com.br\/principal\/wp-json\/wp\/v2\/tags?post=1626"}],"curies":[{"name":"wp","href":"https:\/\/api.w.org\/{rel}","templated":true}]}}